{"id":3986,"date":"2018-10-18T12:46:31","date_gmt":"2018-10-18T12:46:31","guid":{"rendered":"https:\/\/www.bouwimpex.skyberatedev.nl\/?p=3986"},"modified":"2019-06-28T07:48:13","modified_gmt":"2019-06-28T07:48:13","slug":"besuchen-sie-uns-auf-der-eurotier-stand-15-e-27-2","status":"publish","type":"post","link":"https:\/\/www.bouwimpex.nl\/de\/nieuwsarchief-de\/besuchen-sie-uns-auf-der-eurotier-stand-15-e-27-2\/","title":{"rendered":"Besuchen Sie uns auf der Eurotier: Stand 15.E.27"},"content":{"rendered":"<div class=\"fusion-fullwidth fullwidth-box fusion-builder-row-1 nonhundred-percent-fullwidth non-hundred-percent-height-scrolling\" style=\"--awb-border-radius-top-left:0px;--awb-border-radius-top-right:0px;--awb-border-radius-bottom-right:0px;--awb-border-radius-bottom-left:0px;--awb-padding-top:20px;--awb-padding-right:0px;--awb-padding-bottom:20px;--awb-padding-left:0px;--awb-border-sizes-top:0px;--awb-border-sizes-bottom:0px;--awb-flex-wrap:wrap;\" ><div class=\"fusion-builder-row fusion-row\"><div class=\"fusion-layout-column fusion_builder_column fusion-builder-column-0 fusion_builder_column_2_3 2_3 fusion-two-third fusion-column-first\" style=\"--awb-bg-size:cover;width:66.666666666667%;width:calc(66.666666666667% - ( ( 4% ) * 0.66666666666667 ) );margin-right: 4%;\"><div class=\"fusion-column-wrapper fusion-flex-column-wrapper-legacy\"><div class=\"fusion-title title fusion-title-1 fusion-sep-none fusion-title-text fusion-title-size-two\" style=\"--awb-margin-bottom:10px;\"><h2 class=\"fusion-title-heading title-heading-left\" style=\"margin:0;\">Eurotier | 13. &#8211; 16. November 2018 | Hannover<\/h2><\/div><div class=\"fusion-text fusion-text-1\"><p>Vom 13. bis 16. November dieses Jahr findet die Eurotier, Europas wichtigste Viehmesse, in Hannover statt.<\/p>\n<p>F\u00fcr Bouwimpex ist dies der Weg, um unsere wichtigsten und neuesten Bauprodukte an einem internationalen Publikum zu pr\u00e4sentieren. Neben unseren Bouwplast Kunststoff (FR)-Paneelen und Bouwplast Kunststoff-Fenstern und -T\u00fcren m\u00f6chten wir Ihnen mehr \u00fcber LuxAir erz\u00e4hlen, ein kombiniertes Tageslicht- und Lufteinlasssystem f\u00fcr tierfreundliche St\u00e4lle.<\/p>\n<p>Sie sind an unserem Stand herzlich willkommen! Besuchen Sie uns in Halle 15, Stand 15.E.27!<\/p>\n<\/div><div class=\"fusion-clearfix\"><\/div><\/div><\/div><div class=\"fusion-layout-column fusion_builder_column fusion-builder-column-1 fusion_builder_column_1_3 1_3 fusion-one-third fusion-column-last\" style=\"--awb-bg-size:cover;--awb-margin-bottom:40px;width:33.333333333333%;width:calc(33.333333333333% - ( ( 4% ) * 0.33333333333333 ) );\"><div class=\"fusion-column-wrapper fusion-flex-column-wrapper-legacy\"><div class=\"fusion-image-carousel fusion-image-carousel-auto fusion-image-carousel-1 fusion-carousel-border\"><div class=\"awb-carousel awb-swiper awb-swiper-carousel\" data-autoplay=\"yes\" data-columns=\"1\" data-itemmargin=\"13\" data-itemwidth=\"180\" data-touchscroll=\"no\" data-imagesize=\"auto\" style=\"--awb-columns:1;\"><div class=\"swiper-wrapper awb-image-carousel-wrapper fusion-flex-align-items-center\"><div class=\"swiper-slide\"><div class=\"fusion-carousel-item-wrapper\"><div class=\"fusion-image-wrapper hover-type-none\"><img decoding=\"async\" width=\"400\" height=\"267\" src=\"https:\/\/www.bouwimpex.nl\/wp-content\/uploads\/2018\/09\/voor-eurotier.jpg\" class=\"attachment-full size-full\" alt=\"bouwimpex_ eurotier_2018\" srcset=\"https:\/\/www.bouwimpex.nl\/wp-content\/uploads\/2018\/09\/voor-eurotier-200x134.jpg 200w, https:\/\/www.bouwimpex.nl\/wp-content\/uploads\/2018\/09\/voor-eurotier.jpg 400w\" sizes=\"(max-width: 400px) 100vw, 400px\" \/><\/div><\/div><\/div><\/div><div class=\"awb-swiper-button awb-swiper-button-prev\"><i class=\"awb-icon-angle-left\" aria-hidden=\"true\"><\/i><\/div><div class=\"awb-swiper-button awb-swiper-button-next\"><i class=\"awb-icon-angle-right\" aria-hidden=\"true\"><\/i><\/div><\/div><\/div><div class=\"fusion-clearfix\"><\/div><\/div><\/div><\/div><\/div>\n","protected":false},"excerpt":{"rendered":"<p>Vom 13. bis 16. November pr\u00e4sentiert Bouwimpex auf der Eurotier in Hannover Ihre wichtigsten Bauprodukte einem internationalen Publikum. Sie sind herzlich willkommen an unserem Stand 15.E.27 (Halle 15).<br \/>\n&nbsp;<a href=\"https:\/\/www.bouwimpex.nl\/de\/nieuwsarchief-de\/besuchen-sie-uns-auf-der-eurotier-stand-15-e-27-2\/\" rel=\"nofollow\">weiterlesen ><\/a><\/p>\n","protected":false},"author":4,"featured_media":4622,"comment_status":"closed","ping_status":"closed","sticky":false,"template":"","format":"standard","meta":{"content-type":"","footnotes":""},"categories":[165],"tags":[],"class_list":["post-3986","post","type-post","status-publish","format-standard","has-post-thumbnail","hentry","category-nieuwsarchief-de"],"_links":{"self":[{"href":"https:\/\/www.bouwimpex.nl\/de\/wp-json\/wp\/v2\/posts\/3986","targetHints":{"allow":["GET"]}}],"collection":[{"href":"https:\/\/www.bouwimpex.nl\/de\/wp-json\/wp\/v2\/posts"}],"about":[{"href":"https:\/\/www.bouwimpex.nl\/de\/wp-json\/wp\/v2\/types\/post"}],"author":[{"embeddable":true,"href":"https:\/\/www.bouwimpex.nl\/de\/wp-json\/wp\/v2\/users\/4"}],"replies":[{"embeddable":true,"href":"https:\/\/www.bouwimpex.nl\/de\/wp-json\/wp\/v2\/comments?post=3986"}],"version-history":[{"count":0,"href":"https:\/\/www.bouwimpex.nl\/de\/wp-json\/wp\/v2\/posts\/3986\/revisions"}],"wp:featuredmedia":[{"embeddable":true,"href":"https:\/\/www.bouwimpex.nl\/de\/wp-json\/wp\/v2\/media\/4622"}],"wp:attachment":[{"href":"https:\/\/www.bouwimpex.nl\/de\/wp-json\/wp\/v2\/media?parent=3986"}],"wp:term":[{"taxonomy":"category","embeddable":true,"href":"https:\/\/www.bouwimpex.nl\/de\/wp-json\/wp\/v2\/categories?post=3986"},{"taxonomy":"post_tag","embeddable":true,"href":"https:\/\/www.bouwimpex.nl\/de\/wp-json\/wp\/v2\/tags?post=3986"}],"curies":[{"name":"wp","href":"https:\/\/api.w.org\/{rel}","templated":true}]}}